{"id":84,"date":"2022-07-09T17:56:04","date_gmt":"2022-07-09T17:56:04","guid":{"rendered":"http:\/\/projetoconexaodevida.com\/?p=84"},"modified":"2022-07-09T17:56:26","modified_gmt":"2022-07-09T17:56:26","slug":"o-constante-projeto-de-conexao-com-a-vida-atraves-da-energia","status":"publish","type":"post","link":"https:\/\/projetoconexaodevida.com\/index.php\/2022\/07\/09\/o-constante-projeto-de-conexao-com-a-vida-atraves-da-energia\/","title":{"rendered":"O constante Projeto de Conex\u00e3o com a vida atrav\u00e9s da energia"},"content":{"rendered":"<p>Com certeza, voc\u00ea j\u00e1 deve ter ouvido falar que as bases cient\u00edficas da F\u00edsica Qu\u00e2ntica foram criadas por Albert Einstein. E que al\u00e9m da teoria da relatividade, Einstein elaborou a teoria do campo unificado, que demonstrava a exist\u00eancia de uma energia que \u00e9 a for\u00e7a motriz de todas as coisas no Universo. Segundo ele, energia e mat\u00e9ria s\u00e3o manifesta\u00e7\u00f5es diferentes dessa energia et\u00e9rica. &#8220;Que energia \u00e9 essa?&#8221;, voc\u00ea pode se perguntar. Essa energia \u00e9 a luz, a vibra\u00e7\u00e3o. Em algumas imers\u00f5es de desenvolvimento espiritual, ouve-se muito sobre luz e sombras e, apesar de caminharem lado a lado, a luz \u00e9 a energia manifestadora da cura. \u00c9 necess\u00e1rio compreender e abra\u00e7ar nossas sombras para que possamos emergir a luz, que da vida e movimento as energias do nosso corpo sutil.<\/p>\n<p>J\u00e1 aconteceu de voc\u00ea entrar em um lugar ou encontrar algu\u00e9m e automaticamente ficar sem vitalidade? Isso \u00e9 mais comum que pensamos e \u00e9 ineg\u00e1vel que tem rela\u00e7\u00e3o com a energia do local e\/ou da pessoa. N\u00f3s somos seres sens\u00edveis \u00e0 mat\u00e9ria e por isso \u00e9 t\u00e3o importante cuidarmos da nossa energia, dos lugares que frequentamos, das pessoas com quem nos relacionamos e do nosso ciclo social em geral. Mas alimentar a energia n\u00e3o tem a ver apenas com o outro, mas tamb\u00e9m com n\u00f3s mesmos. Aquilo de que nos alimentamos tamb\u00e9m influenciam na eleva\u00e7\u00e3o e em nossa baixa frequ\u00eancia energ\u00e9tica. O que consumimos, o que assistimos, o que permitimos permear nossos pensamentos, o que escutamos, onde vamos e o que falamos interferem na qualidade energ\u00e9tica<br \/>\nque teremos.<\/p>\n<p>As vezes, quando nos sentimos extremamente cansados f\u00edsica e mentalmente, a primeira atitude \u00e9 se julgar doente. A segunda, consequentemente \u00e9 procurar um m\u00e9dico tradicional para ver de que doen\u00e7a se trata e como fazer para cur\u00e1-la. Apesar de atualmente ser muito comum as discuss\u00f5es sobre as energias que nos circundam e como elas afetam diretamente nossa vida, pouco se procura por profissionais hol\u00edsticos que nos ajudam a tratar os nossos bloqueios energ\u00e9ticos. Esquecemos de levar em conta que o bom funcionamento do nosso corpo f\u00edsico, tamb\u00e9m implica no funcionamento perfeito do nosso esp\u00edrito. Ou seja, um corpo doente consequentemente \u00e9 uma energia afetada, aquilo que nos faz sentir como se estiv\u00eassemos sem pilha e que precisamos nos recarregar.<\/p>\n<p>Mikao Usui, um dos redescobridores do Reiki, depois de muito curar as pessoas e depois de um tempo as avistar com os mesmos problemas de antes do alinhamento energ\u00e9tico, percebeu que o corpo e o esp\u00edrito precisam estar alinhados no mesmo prop\u00f3sito para que a energia possa se manifestar integralmente, elevando assim a vibra\u00e7\u00e3o daquelas pessoas. Ele soube que pouco havia de ser feito, para tratar as doen\u00e7as do corpo se elas n\u00e3o fossem curadas juntamente com a regenera\u00e7\u00e3o do esp\u00edrito.<\/p>\n<p>Em tempos verdadeiramente devastadores para a mente, o autoconhecimento \u00e9 a chave. Muitos j\u00e1 despertaram e se d\u00e3o as chances de cuidar das quest\u00f5es que merecem aten\u00e7\u00e3o: como viver de maneira plena, ser abundante e alcan\u00e7ar o equilibrio necess\u00e1rio para o nosso bem-estar. O medo de mudar \u00e9 um dos fatores decisivos para impedir uma pessoa de se autoconhecer. N\u00e3o estamos acostumados a lidar com as mudan\u00e7as da vida, por mais que ela esteja o tempo todo mudando. Esquecemos que somos seres poderosiss\u00edmos e que temos dispon\u00edveis as ferramentas necess\u00e1rias para dar uma virada na nossa jornada. N\u00e3o h\u00e1 como sermos ajudados de verdade se n\u00e3o for n\u00f3s a darmos o primeiro passo em dire\u00e7\u00e3o a ajuda, a se conhecer profunda e verdadeiramente.<\/p>\n<p>Atrav\u00e9s de recursos audiovisuais, se dar\u00e1 in\u00edcio o processo de regula\u00e7\u00e3o de energia, uma jornada irrevers\u00edvel que lhe ensinar\u00e1 a praticar individualmente aquilo que foi trazido teoricamente. Equilibrar os chakras, detectar os campos magn\u00e9ticos que agem no seu eu, ser uma pessoa mais energica e entusiasmada, tendo mais prazer pela vida, resili\u00eancia, integrar corpo, mente e alma, autoregular os desequil\u00edbrios energ\u00e9ticos corporais e liberar as concentra\u00e7\u00f5es de energia que podem ser causadoras de dores ser\u00e3o o tema dos conte\u00fados das mais de vinte horas de viv\u00eancia, que trar\u00e1 um efeito transcendental e de impacto para a sua vida.<\/p>\n<p>O projeto que convido voc\u00ea a participar \u00e9 justamente para que esse reconhecimento do eu aconte\u00e7a e voc\u00ea consiga trabalhar com essas ferramentas durante os processos da vida, que muitas vezes n\u00e3o s\u00e3o f\u00e1ceis de serem encarados. S\u00e3o tr\u00eas dias intensos de (re)conex\u00e3o com a Natureza. Isso j\u00e1 \u00e9 o suficiente para querer viver essa experi\u00eancia, n\u00e3o \u00e9 mesmo?! Mas nesses tr\u00eas dias, tamb\u00e9m ser\u00e3o trazidos ensinamentos valiosos sobre a energia do todo, al\u00e9m de uma alimenta\u00e7\u00e3o saud\u00e1vel e equilibrada, facilitando ainda mais o aprendizado, autoconhecimento e desbloqueios energ\u00e9ticos que te levar\u00e3o para um n\u00edvel vibracional abundante e transformador. Voc\u00ea dever\u00e1 estar preparado para, talvez, se questionar sobre a pessoa que entrou e a que sa\u00edra para a nova vida que almeja.<\/p>\n","protected":false},"excerpt":{"rendered":"<p>Com certeza, voc\u00ea j\u00e1 deve ter ouvido falar que as bases cient\u00edficas da F\u00edsica Qu\u00e2ntica foram criadas por Albert Einstein. E que al\u00e9m da teoria da relatividade, Einstein elaborou a teoria do campo unificado, que demonstrava a exist\u00eancia de uma energia que \u00e9 a for\u00e7a motriz de todas as coisas no Universo. Segundo ele, energia [&hellip;]<\/p>\n","protected":false},"author":1,"featured_media":34,"comment_status":"open","ping_status":"open","sticky":false,"template":"","format":"standard","meta":{"_et_pb_use_builder":"","_et_pb_old_content":"","_et_gb_content_width":"","footnotes":""},"categories":[1],"tags":[],"class_list":["post-84","post","type-post","status-publish","format-standard","has-post-thumbnail","hentry","category-sem-categoria"],"_links":{"self":[{"href":"https:\/\/projetoconexaodevida.com\/index.php\/wp-json\/wp\/v2\/posts\/84","targetHints":{"allow":["GET"]}}],"collection":[{"href":"https:\/\/projetoconexaodevida.com\/index.php\/wp-json\/wp\/v2\/posts"}],"about":[{"href":"https:\/\/projetoconexaodevida.com\/index.php\/wp-json\/wp\/v2\/types\/post"}],"author":[{"embeddable":true,"href":"https:\/\/projetoconexaodevida.com\/index.php\/wp-json\/wp\/v2\/users\/1"}],"replies":[{"embeddable":true,"href":"https:\/\/projetoconexaodevida.com\/index.php\/wp-json\/wp\/v2\/comments?post=84"}],"version-history":[{"count":1,"href":"https:\/\/projetoconexaodevida.com\/index.php\/wp-json\/wp\/v2\/posts\/84\/revisions"}],"predecessor-version":[{"id":85,"href":"https:\/\/projetoconexaodevida.com\/index.php\/wp-json\/wp\/v2\/posts\/84\/revisions\/85"}],"wp:featuredmedia":[{"embeddable":true,"href":"https:\/\/projetoconexaodevida.com\/index.php\/wp-json\/wp\/v2\/media\/34"}],"wp:attachment":[{"href":"https:\/\/projetoconexaodevida.com\/index.php\/wp-json\/wp\/v2\/media?parent=84"}],"wp:term":[{"taxonomy":"category","embeddable":true,"href":"https:\/\/projetoconexaodevida.com\/index.php\/wp-json\/wp\/v2\/categories?post=84"},{"taxonomy":"post_tag","embeddable":true,"href":"https:\/\/projetoconexaodevida.com\/index.php\/wp-json\/wp\/v2\/tags?post=84"}],"curies":[{"name":"wp","href":"https:\/\/api.w.org\/{rel}","templated":true}]}}